{"id":877,"date":"2012-12-24T10:34:22","date_gmt":"2012-12-24T09:34:22","guid":{"rendered":"http:\/\/www.ec-djk-aigen.de\/?p=877"},"modified":"2013-01-31T13:20:27","modified_gmt":"2013-01-31T12:20:27","slug":"wieder-geht-ein-jahr-zu-ende","status":"publish","type":"post","link":"https:\/\/www.ec-djk-aigen.de\/?p=877","title":{"rendered":"Wieder geht ein Jahr zu Ende"},"content":{"rendered":"<p><strong>und deshalb w\u00fcnscht die Vorstandschaft allen Mitgliedern besinnliche Feiertage und einen guten Rutsch ins neue Jahr. M\u00f6ge es f\u00fcr alle ein gutes Jahr werden!<\/strong><\/p>\n<p>Sportlich w\u00fcnschen wir uns zun\u00e4chst einen guten Verlauf unseres Turniers am 6. Januar in Waldkirchen, das in zwei 15er-Gruppen ausgetragen wird.<\/p>\n<p>Am 12. und 13. Januar hei\u00dft es dann &#8222;Daumen dr\u00fccken&#8220; f\u00fcr unsere 1. Mannschaft, die zur Bundesliga-R\u00fcckrunde in Regen antritt. Nachdem es in der Vorrunde nicht so gut gelaufen ist, w\u00fcnschen wir f\u00fcr die R\u00fcckrunde mehr Gl\u00fcck. Alles Gute!!<\/p>\n<p>Den Daumen dr\u00fccken wir nat\u00fcrlich auch f\u00fcr unsere 2. Mannschaft, die ebenfalls am 12. und 13. Januar in Weiden an den Start geht, damit es ebenso gut l\u00e4uft, wie in der Vorrunde! Alles Gute!<\/p>\n<p>Sch\u00f6ner Erfolg unserer 3. Mannschaft bei der Vorrunde der Meisterschaft der Bezirksliga Ost am 22. Dezember in Waldkirchen:\u00a0 In der Gruppe A konnte sie den 2. Platz erringen und ist somit in der R\u00fcckrunde am 27. Januar um den Aufstieg mit dabei. Herzl. Gl\u00fcckwunsch und viel Erfolg!<\/p>\n<p>Die Sch\u00fctzen: <strong>Brundobler Johann, Steiger Alois, Wagner Helmut und Zwicklbauer Michael<\/strong><\/p>\n<p>&nbsp;<\/p>\n<p>&nbsp;<\/p>\n","protected":false},"excerpt":{"rendered":"<p>und deshalb w\u00fcnscht die Vorstandschaft allen Mitgliedern besinnliche Feiertage und einen guten Rutsch ins neue Jahr. M\u00f6ge es f\u00fcr alle ein gutes Jahr werden! Sportlich w\u00fcnschen wir uns zun\u00e4chst einen guten Verlauf unseres Turniers am 6. Januar in Waldkirchen, das [&hellip;] <a class=\"more-link\" href=\"https:\/\/www.ec-djk-aigen.de\/?p=877\">Kompletten Beitrag lesen&#8230;<\/a><\/p>\n","protected":false},"author":2,"featured_media":0,"comment_status":"closed","ping_status":"closed","sticky":false,"template":"","format":"standard","meta":{"footnotes":""},"categories":[1],"tags":[],"class_list":["post-877","post","type-post","status-publish","format-standard","hentry","category-aktuell","uentry","postonpage-1","odd","post-author-heinz"],"_links":{"self":[{"href":"https:\/\/www.ec-djk-aigen.de\/index.php?rest_route=\/wp\/v2\/posts\/877","targetHints":{"allow":["GET"]}}],"collection":[{"href":"https:\/\/www.ec-djk-aigen.de\/index.php?rest_route=\/wp\/v2\/posts"}],"about":[{"href":"https:\/\/www.ec-djk-aigen.de\/index.php?rest_route=\/wp\/v2\/types\/post"}],"author":[{"embeddable":true,"href":"https:\/\/www.ec-djk-aigen.de\/index.php?rest_route=\/wp\/v2\/users\/2"}],"replies":[{"embeddable":true,"href":"https:\/\/www.ec-djk-aigen.de\/index.php?rest_route=%2Fwp%2Fv2%2Fcomments&post=877"}],"version-history":[{"count":13,"href":"https:\/\/www.ec-djk-aigen.de\/index.php?rest_route=\/wp\/v2\/posts\/877\/revisions"}],"predecessor-version":[{"id":1005,"href":"https:\/\/www.ec-djk-aigen.de\/index.php?rest_route=\/wp\/v2\/posts\/877\/revisions\/1005"}],"wp:attachment":[{"href":"https:\/\/www.ec-djk-aigen.de\/index.php?rest_route=%2Fwp%2Fv2%2Fmedia&parent=877"}],"wp:term":[{"taxonomy":"category","embeddable":true,"href":"https:\/\/www.ec-djk-aigen.de\/index.php?rest_route=%2Fwp%2Fv2%2Fcategories&post=877"},{"taxonomy":"post_tag","embeddable":true,"href":"https:\/\/www.ec-djk-aigen.de\/index.php?rest_route=%2Fwp%2Fv2%2Ftags&post=877"}],"curies":[{"name":"wp","href":"https:\/\/api.w.org\/{rel}","templated":true}]}}