{"id":3931,"date":"2018-01-15T13:36:02","date_gmt":"2018-01-15T12:36:02","guid":{"rendered":"http:\/\/www.ec-djk-aigen.de\/?p=3931"},"modified":"2018-01-18T19:38:10","modified_gmt":"2018-01-18T18:38:10","slug":"erste-mitteilung-2018-es-ist-geschafft","status":"publish","type":"post","link":"https:\/\/www.ec-djk-aigen.de\/?p=3931","title":{"rendered":"Erste Mitteilung 2018: Es ist geschafft!!!"},"content":{"rendered":"<p>So schlecht das Jahr 2017 sportlich endete, so gut hat das neue Jahr begonnen: Unsere 1. und 2. Mannschaft, beide nach Beendigung der Vorrunde in der Bundesliga 1 und der Bayernliga Nord auf einem Abstiegsplatz, haben sich in der R\u00fcckrunde (2. und 3. Wettbewerbstag am 13. und 14. Januar) hervorragend geschlagen und noch Platzierungen erreicht, von denen eigentlich nur noch getr\u00e4umt werden konnte. Die 1. Mannschaft mit den Sch\u00fctzen Florian Brundobler, Max Dachsberger, Albert Huber, G\u00fcnther Krennleitner und Alex Madl erzielte in den restlichen Spielen &#8222;Jeder gegen Jeden&#8220; 18 : 12 Punkte und ging mit insgesamt 26 : 28 Punkten und Platz dreizehn auf Bahn 7 in die Endrunde mit 4 Bahnenspielen. Mit drei Siegen (EC Pilsting, und 2 Mal EC EBRA Aiterhofen I) und einer Niederlage gegen Altwasser Windorf wurde letztlich der 12. Platz belegt.<\/p>\n<p>\u00c4hnlich erfolgreich war unsere 2. Mannschaft. In der Besetzung Alexander Hanusch, Stefan Mayerhofer, Franz Ortbauer, Rudi Schmidt und J\u00fcrgen Wagner holte sie in den verbliebenen Spielen am 2. Wettbewerbstag 16 : 16 Punkte und ging auf dem 20. Platz in die Endrunde mit ebenfalls 4 Bahnenspielen. Auch unsere Zweite gewann davon drei (SV Hagelstadt, TSV Niederviehbach, FC Teugn) und verlor nur das Spiel um Platz 18 erneut gegen TSV Niederviehbach. Der 19. Gesamtplatz &#8211; die Anzahl der Absteiger liegt noch nicht fest &#8211; m\u00fc\u00dfte nach menschlichem Ermessen f\u00fcr den Erhalt der Klasse ausreichen.<\/p>\n<p><img loading=\"lazy\" decoding=\"async\" class=\"wp-image-3943 alignleft\" src=\"https:\/\/www.ec-djk-aigen.de\/wp-content\/uploads\/2018\/01\/Test0-300x225.jpg\" alt=\"\" width=\"346\" height=\"247\" \/><\/p>\n<h2><\/h2>\n<h2 style=\"text-align: center;\">Wir alle freuen uns \u00fcber diese Erfolge und gratulieren den 10 Sch\u00fctzen sehr herzlich!!<\/h2>\n<p>&nbsp;<\/p>\n<p>&nbsp;<\/p>\n<p>&nbsp;<\/p>\n<p>&nbsp;<\/p>\n<p>Dass von allen Sch\u00fctzen gro\u00dfer Druck abgefallen war, konnte man bei der lockeren Feier im Vereinsheim erkennen, zu der sich viele weitere Mitglieder zum Mitfeiern eingefunden hatten.<img loading=\"lazy\" decoding=\"async\" class=\" wp-image-3944 alignright\" src=\"https:\/\/www.ec-djk-aigen.de\/wp-content\/uploads\/2018\/01\/Test1-300x225.jpg\" alt=\"\" width=\"331\" height=\"248\" srcset=\"https:\/\/www.ec-djk-aigen.de\/wp-content\/uploads\/2018\/01\/Test1-300x225.jpg 300w, https:\/\/www.ec-djk-aigen.de\/wp-content\/uploads\/2018\/01\/Test1-768x576.jpg 768w, https:\/\/www.ec-djk-aigen.de\/wp-content\/uploads\/2018\/01\/Test1-500x375.jpg 500w, https:\/\/www.ec-djk-aigen.de\/wp-content\/uploads\/2018\/01\/Test1.jpg 1000w\" sizes=\"auto, (max-width: 331px) 100vw, 331px\" \/><\/p>\n","protected":false},"excerpt":{"rendered":"<p>So schlecht das Jahr 2017 sportlich endete, so gut hat das neue Jahr begonnen: Unsere 1. und 2. Mannschaft, beide nach Beendigung der Vorrunde in der Bundesliga 1 und der Bayernliga Nord auf einem Abstiegsplatz, haben sich in der R\u00fcckrunde [&hellip;] <a class=\"more-link\" href=\"https:\/\/www.ec-djk-aigen.de\/?p=3931\">Kompletten Beitrag lesen&#8230;<\/a><\/p>\n","protected":false},"author":2,"featured_media":0,"comment_status":"closed","ping_status":"closed","sticky":false,"template":"","format":"standard","meta":{"footnotes":""},"categories":[1],"tags":[],"class_list":["post-3931","post","type-post","status-publish","format-standard","hentry","category-aktuell","uentry","postonpage-1","odd","post-author-heinz"],"_links":{"self":[{"href":"https:\/\/www.ec-djk-aigen.de\/index.php?rest_route=\/wp\/v2\/posts\/3931","targetHints":{"allow":["GET"]}}],"collection":[{"href":"https:\/\/www.ec-djk-aigen.de\/index.php?rest_route=\/wp\/v2\/posts"}],"about":[{"href":"https:\/\/www.ec-djk-aigen.de\/index.php?rest_route=\/wp\/v2\/types\/post"}],"author":[{"embeddable":true,"href":"https:\/\/www.ec-djk-aigen.de\/index.php?rest_route=\/wp\/v2\/users\/2"}],"replies":[{"embeddable":true,"href":"https:\/\/www.ec-djk-aigen.de\/index.php?rest_route=%2Fwp%2Fv2%2Fcomments&post=3931"}],"version-history":[{"count":18,"href":"https:\/\/www.ec-djk-aigen.de\/index.php?rest_route=\/wp\/v2\/posts\/3931\/revisions"}],"predecessor-version":[{"id":3952,"href":"https:\/\/www.ec-djk-aigen.de\/index.php?rest_route=\/wp\/v2\/posts\/3931\/revisions\/3952"}],"wp:attachment":[{"href":"https:\/\/www.ec-djk-aigen.de\/index.php?rest_route=%2Fwp%2Fv2%2Fmedia&parent=3931"}],"wp:term":[{"taxonomy":"category","embeddable":true,"href":"https:\/\/www.ec-djk-aigen.de\/index.php?rest_route=%2Fwp%2Fv2%2Fcategories&post=3931"},{"taxonomy":"post_tag","embeddable":true,"href":"https:\/\/www.ec-djk-aigen.de\/index.php?rest_route=%2Fwp%2Fv2%2Ftags&post=3931"}],"curies":[{"name":"wp","href":"https:\/\/api.w.org\/{rel}","templated":true}]}}