{"id":3825,"date":"2017-07-25T08:58:42","date_gmt":"2017-07-25T06:58:42","guid":{"rendered":"http:\/\/www.ec-djk-aigen.de\/?p=3825"},"modified":"2017-07-25T09:17:06","modified_gmt":"2017-07-25T07:17:06","slug":"sommer-saison-ist-abgeschlossen","status":"publish","type":"post","link":"https:\/\/www.ec-djk-aigen.de\/?p=3825","title":{"rendered":"Sommer-Saison ist abgeschlossen"},"content":{"rendered":"<p><strong>Nachdem die Meisterschaften auf Sommerbahnen abgeschlossen sind, gilt es Bilanz zu ziehen:<\/strong><\/p>\n<p>Unsere <strong>1. Mannschaft<\/strong> hat nach holprigem Start in der Vorrunde in der Besetzung <strong>Ludwig Berger jun<\/strong>., <strong>Florian Brundobler<\/strong>, <strong>Max Dachsberger<\/strong>, <strong>Andreas Kromp<\/strong><strong>a\u00df<\/strong> und <strong>Alex Madl<\/strong> eine sehr gute R\u00fcckrunde hingelegt und somit noch den 6. Gesamtrang in der 1. BL S\u00fcd erreicht, der die erneute <strong>Teilnahme an der DM<\/strong> in Unterneukirchen am 8. Juli bedeutete. Bei dieser mu\u00dften L. Berger und Alex Madl durch <strong>Albert Huber<\/strong> und <strong>G\u00fcnther Krennleitner<\/strong> ersetzt werden. Nach hohen Siegen \u00fcber die Nichtbayern-Vereine konnten von den wirklichen Konkurrenten aus der 1. BL S\u00fcd der EC Garham mit 21:3, der EC Hauzenberg mit 9:8 und der FC Ottenzell mit 14:10 besiegt werden, so da\u00df man auf Platz 4 landete und die Qualifikations- und Ausscheidungsrunde erreichte. In der 1. Quali-Runde wurde der TSV Peiting mit 19:13 besiegt, womit der 3. Stockerlplatz bereits sicher war. In der Qualifikation um den Einzug ins Finale unterlag man nach ungl\u00fccklichem Verlauf gegen die Mannschaft des EC Lampoding schlie\u00dflich mit 18:6. Zu diesem erneuten Erfolg gratulieren wir unserem sportlichen Aush\u00e4ngeschild sehr sehr herzlich!!<\/p>\n<p><img loading=\"lazy\" decoding=\"async\" class=\"wp-image-3836 alignleft\" src=\"https:\/\/www.ec-djk-aigen.de\/wp-content\/uploads\/2017\/07\/DM2017-300x178.jpg\" alt=\"\" width=\"413\" height=\"244\" srcset=\"https:\/\/www.ec-djk-aigen.de\/wp-content\/uploads\/2017\/07\/DM2017-300x178.jpg 300w, https:\/\/www.ec-djk-aigen.de\/wp-content\/uploads\/2017\/07\/DM2017-768x455.jpg 768w, https:\/\/www.ec-djk-aigen.de\/wp-content\/uploads\/2017\/07\/DM2017-500x296.jpg 500w, https:\/\/www.ec-djk-aigen.de\/wp-content\/uploads\/2017\/07\/DM2017.jpg 1138w\" sizes=\"auto, (max-width: 413px) 100vw, 413px\" \/><\/p>\n<p>&nbsp;<\/p>\n<p>&nbsp;<\/p>\n<p>&nbsp;<\/p>\n<p>&nbsp;<\/p>\n<p>&nbsp;<\/p>\n<p>&nbsp;<\/p>\n<p>&nbsp;<\/p>\n<p>&nbsp;<\/p>\n<p>&nbsp;<\/p>\n<p>&nbsp;<\/p>\n<p>v.l.: Albert Huber, Florian Brundobler, Max Dachsberger, Andi Krompa\u00df, G\u00fcnther Krennleitner<\/p>\n<p>Auch unsere <strong>2. Mannschaft<\/strong> machte von sich reden. Bei der Meisterschaft der Landesliga Ost\/Ost in Regen belegte sie in der Bestzung <strong>Albert Huber<\/strong>, <strong>Stefan Mayerhofer<\/strong>, <strong>Franz Ortbauer<\/strong> und <strong>J\u00fcrgen Wagner<\/strong> den hervorragenden 2. Platz mit 17:7 Punkten knapp hinter dem EV Lehen. Sie steigt somit in die Oberliga Ost\/Ost auf. Sehr herzlichen Gl\u00fcckwunsch zu dieser Leistung!<\/p>\n<p><img loading=\"lazy\" decoding=\"async\" class=\"wp-image-3837 alignleft\" src=\"https:\/\/www.ec-djk-aigen.de\/wp-content\/uploads\/2017\/07\/Mannschaft2_2017-300x225.jpg\" alt=\"\" width=\"363\" height=\"272\" srcset=\"https:\/\/www.ec-djk-aigen.de\/wp-content\/uploads\/2017\/07\/Mannschaft2_2017-300x225.jpg 300w, https:\/\/www.ec-djk-aigen.de\/wp-content\/uploads\/2017\/07\/Mannschaft2_2017.jpg 320w\" sizes=\"auto, (max-width: 363px) 100vw, 363px\" \/><\/p>\n<p>&nbsp;<\/p>\n<p>&nbsp;<\/p>\n<p>&nbsp;<\/p>\n<p>&nbsp;<\/p>\n<p>&nbsp;<\/p>\n<p>&nbsp;<\/p>\n<p>&nbsp;<\/p>\n<p>&nbsp;<\/p>\n<p>v.l.: Stefan Mayerhofer, Franz Ortbauer, J\u00fcrgen Wagner, Albert Huber<\/p>\n<p>Unsere <strong>4. Mannschaft<\/strong> trat in der Kreisoberliga-Qualifikationsrunde an, die in 4 Gruppen zu je 7 Mannschaften in Passau-Neustift ausgetragen wurde. Die Sch\u00fctzen <strong>Ludwig Berger sen<\/strong>., <strong>Robert Heudecker<\/strong>, <strong>Josef Loher<\/strong> und <strong>Wilfried Zwicklbauer<\/strong> erreichten bei sehr schwierigen Bahnverh\u00e4ltnissen in der Gruppe B den 4. Platz und &#8222;ersparten&#8220; sich damit einen Auftritt sowohl in der Aufstiegs- als auch Abstiegsrunde, jeweils ausgetragen in Pleinting: <strong>&#8222;Mia woidn auf koan Foi noch Pleinting&#8220;<\/strong>. Also: Ziel erreicht!<\/p>\n<p>Terminlich zuletzt startete unsere <strong>3. Mannschaft<\/strong> zur Bezirksoberliga-Meisterschaft in Waldkirchen. In der Besetzung <strong>Matthias Schmidlehner,<\/strong> <strong>Daniel Sp\u00f6ckner<\/strong>, <strong>Alois Steiger<\/strong> und <strong>Helmut<\/strong> <strong>Wagner<\/strong> schaffte sie mit Platz 11 von 15 Mannschaften bei gleitendem Abstieg aller Voraussicht nach nicht den Klassenverbleib. Auf ein Neues!!<\/p>\n<p>Der <strong>gesellschaftliche H\u00f6hepunkt des Jahres, unsere Sonnwendfeier<\/strong>, stand dieses Jahr unter einem besseren Stern &#8211; sprich: Witterung &#8211; als die letzten Jahre und\u00a0 war deshalb auch\u00a0 ein finanzieller Erfolg. Viele Mitglieder und ihre besseren H\u00e4lften haben zu diesem Erfolg beigetragen. <strong>Daf\u00fcr herzlichen Dank von seiten der Vorstandschaft!!<\/strong><\/p>\n<p>Es wurden in den letzen Monaten 2 Brotzeitturniere, jeweils am Trainings-Donnerstag mit sehr guter Beteiligung erfolgreich durchgef\u00fchrt.<\/p>\n<p>Am 20. Juli fand die <strong>Aufstiegsfeier f\u00fcr die 2. Mannschaft<\/strong> im Stockh\u00e4usl statt und am 23. Juli beteiligte sich der Verein mit einer respektablen Mitgliederanzahl beim 100-j\u00e4hrigen Gr\u00fcndungsfest des Frauenvereins.<\/p>\n<p style=\"text-align: center;\"><strong>Allen Mitgliedern eine sch\u00f6ne Urlaubszeit w\u00fcnscht die Vorstandschaft<\/strong><\/p>\n","protected":false},"excerpt":{"rendered":"<p>Nachdem die Meisterschaften auf Sommerbahnen abgeschlossen sind, gilt es Bilanz zu ziehen: Unsere 1. Mannschaft hat nach holprigem Start in der Vorrunde in der Besetzung Ludwig Berger jun., Florian Brundobler, Max Dachsberger, Andreas Krompa\u00df und Alex Madl eine sehr gute [&hellip;] <a class=\"more-link\" href=\"https:\/\/www.ec-djk-aigen.de\/?p=3825\">Kompletten Beitrag lesen&#8230;<\/a><\/p>\n","protected":false},"author":2,"featured_media":0,"comment_status":"closed","ping_status":"closed","sticky":false,"template":"","format":"standard","meta":{"footnotes":""},"categories":[1],"tags":[],"class_list":["post-3825","post","type-post","status-publish","format-standard","hentry","category-aktuell","uentry","postonpage-1","odd","post-author-heinz"],"_links":{"self":[{"href":"https:\/\/www.ec-djk-aigen.de\/index.php?rest_route=\/wp\/v2\/posts\/3825","targetHints":{"allow":["GET"]}}],"collection":[{"href":"https:\/\/www.ec-djk-aigen.de\/index.php?rest_route=\/wp\/v2\/posts"}],"about":[{"href":"https:\/\/www.ec-djk-aigen.de\/index.php?rest_route=\/wp\/v2\/types\/post"}],"author":[{"embeddable":true,"href":"https:\/\/www.ec-djk-aigen.de\/index.php?rest_route=\/wp\/v2\/users\/2"}],"replies":[{"embeddable":true,"href":"https:\/\/www.ec-djk-aigen.de\/index.php?rest_route=%2Fwp%2Fv2%2Fcomments&post=3825"}],"version-history":[{"count":21,"href":"https:\/\/www.ec-djk-aigen.de\/index.php?rest_route=\/wp\/v2\/posts\/3825\/revisions"}],"predecessor-version":[{"id":3849,"href":"https:\/\/www.ec-djk-aigen.de\/index.php?rest_route=\/wp\/v2\/posts\/3825\/revisions\/3849"}],"wp:attachment":[{"href":"https:\/\/www.ec-djk-aigen.de\/index.php?rest_route=%2Fwp%2Fv2%2Fmedia&parent=3825"}],"wp:term":[{"taxonomy":"category","embeddable":true,"href":"https:\/\/www.ec-djk-aigen.de\/index.php?rest_route=%2Fwp%2Fv2%2Fcategories&post=3825"},{"taxonomy":"post_tag","embeddable":true,"href":"https:\/\/www.ec-djk-aigen.de\/index.php?rest_route=%2Fwp%2Fv2%2Ftags&post=3825"}],"curies":[{"name":"wp","href":"https:\/\/api.w.org\/{rel}","templated":true}]}}