{"id":3768,"date":"2017-03-14T14:44:17","date_gmt":"2017-03-14T13:44:17","guid":{"rendered":"http:\/\/www.ec-djk-aigen.de\/?p=3768"},"modified":"2017-03-19T10:52:42","modified_gmt":"2017-03-19T09:52:42","slug":"die-eissaison-201617-ist-vorbei","status":"publish","type":"post","link":"https:\/\/www.ec-djk-aigen.de\/?p=3768","title":{"rendered":"Die Eissaison 2016\/17 ist vorbei"},"content":{"rendered":"<p>PNP vom 22. Februar 2017: <span style=\"color: #0000ff;\"><strong>Perfektes Teamwork beim EC-DJK Aigen<\/strong><\/span><\/p>\n<p>H\u00f6hepunkt der abgelaufenen Wintersaison war der Titelgewinn der 2. Mannschaft in der Bezirksoberliga Ost in der Besetzung <strong>Albert Huber, Franz Ortbauer, Markus Urlhardt und J\u00fcrgen Wagner<\/strong>.<\/p>\n<p><img loading=\"lazy\" decoding=\"async\" class=\"wp-image-3774 aligncenter\" src=\"https:\/\/www.ec-djk-aigen.de\/wp-content\/uploads\/2017\/03\/Aufsteiger-225x300.jpg\" alt=\"\" width=\"267\" height=\"356\" srcset=\"https:\/\/www.ec-djk-aigen.de\/wp-content\/uploads\/2017\/03\/Aufsteiger-225x300.jpg 225w, https:\/\/www.ec-djk-aigen.de\/wp-content\/uploads\/2017\/03\/Aufsteiger-768x1024.jpg 768w, https:\/\/www.ec-djk-aigen.de\/wp-content\/uploads\/2017\/03\/Aufsteiger-375x500.jpg 375w\" sizes=\"auto, (max-width: 267px) 100vw, 267px\" \/><\/p>\n<p>Nach dem Erreichen des 3. Platzes in der\u00a0 Vorrunde am 28. Januar in Waldkirchen mit 6 Punkten R\u00fcckstand auf die Mannschaft aus Innernzell erarbeitete sich unsere 2. mit\u00a0 sehr guter Leistung\u00a0 einen Punkt Vorsprung in der vorletzten Runde, mu\u00dfte aber in der letzten Runde aussetzen. Diese hatte es in sich, denn die Innernzeller mu\u00dften ausgerechnet gegen unsere 3. Mannschaft antreten, deren Abstieg schon besiegelt war. Es kam, wie man es sich w\u00fcnscht: Die Innernzeller standen unter enormem Druck und unsere 3. Mannschaft in der Besetzung <strong>Ludwig Berger sen, Josef Loher, Stefan Mayerhofer und Matthias Schmidlehner <\/strong>lief zu starker Form auf und gewann das Spiel. Unsere 2. war somit Meister und damit einziger direkter Aufsteiger in die Bayernliga Nord.<\/p>\n<p><strong>Wir gratulieren sehr herzlich letztlich beiden Mannschaften zu diesem sch\u00f6nen Erfolg: den Meistern, aber auch den &#8222;Meistermachern&#8220;!<\/strong><\/p>\n<p style=\"text-align: center;\"><span style=\"color: #0000ff;\"><strong>Aufstiegsfeier am Samstag, 8. April um 19.30 Uhr im Gasthaus Brauneis<\/strong><\/span><\/p>\n<p>Nicht vergessen wollen wir unsere 1. Mannschaft, die in der 1. Bundesliga einen achtbaren Mittelplatz erreicht hat, obwohl Max Dachsberger aus gesundheitlichen Gr\u00fcnden nicht antreten konnte. Die Mannschaft in der Besetzung <strong>Ludwig Berger jun, Florian Brundobler, G\u00fcnther Krennleitner und Andi Krompass <\/strong>lag nach der Vorrunde in Waldkirchen auf Rang 5.\u00a0 Am 1. Tag der R\u00fcckrunde in Waldkraiburg wollte es gar nicht laufen und man landete in der 2. H\u00e4lfte der Bahnen f\u00fcr die Bah- nenspiele. Am 2. Tag trat <strong>Alex Madl<\/strong> f\u00fcr Andi Krompass an und mit drei Siegen in den restlichen 4 Qualifikationsspielen konnte auf Bahn 7 gestartet werden und somit war der Verbleib in der 1. Liga gesichert.<\/p>\n<p>Nicht unerw\u00e4hnt soll auch unsere 4. Mannschaft bleiben, die am 4. Februar in der Besetzung <strong>Andi Brenzinger, Robert Heudecker, Daniel Sp\u00f6ckner und Markus Wagner <\/strong>in Passau in der Kreisliga am Start war, leider abere einen schlechten Tag erwischte.<\/p>\n<p>Zwischenzeitlich sind schon die ersten Turnierfolge auf Sommerbahnen zu ver- zeichnen und unser Augenmerk gilt der <strong>Jahreshauptversammlung am 13. April<\/strong>, zu der hiermit schon sehr herzlich eingeladen wird sowie unseren eigenen Turnieren im Monat April (siehe <em>Termine<\/em>). Turnusgem\u00e4\u00df folgen dann die Vorbereitungen f\u00fcr unsere Sonnwendfeier am <strong>17. Juni<\/strong>.<\/p>\n","protected":false},"excerpt":{"rendered":"<p>PNP vom 22. Februar 2017: Perfektes Teamwork beim EC-DJK Aigen H\u00f6hepunkt der abgelaufenen Wintersaison war der Titelgewinn der 2. Mannschaft in der Bezirksoberliga Ost in der Besetzung Albert Huber, Franz Ortbauer, Markus Urlhardt und J\u00fcrgen Wagner. Nach dem Erreichen des [&hellip;] <a class=\"more-link\" href=\"https:\/\/www.ec-djk-aigen.de\/?p=3768\">Kompletten Beitrag lesen&#8230;<\/a><\/p>\n","protected":false},"author":2,"featured_media":0,"comment_status":"closed","ping_status":"closed","sticky":false,"template":"","format":"standard","meta":{"footnotes":""},"categories":[1],"tags":[],"class_list":["post-3768","post","type-post","status-publish","format-standard","hentry","category-aktuell","uentry","postonpage-1","odd","post-author-heinz"],"_links":{"self":[{"href":"https:\/\/www.ec-djk-aigen.de\/index.php?rest_route=\/wp\/v2\/posts\/3768","targetHints":{"allow":["GET"]}}],"collection":[{"href":"https:\/\/www.ec-djk-aigen.de\/index.php?rest_route=\/wp\/v2\/posts"}],"about":[{"href":"https:\/\/www.ec-djk-aigen.de\/index.php?rest_route=\/wp\/v2\/types\/post"}],"author":[{"embeddable":true,"href":"https:\/\/www.ec-djk-aigen.de\/index.php?rest_route=\/wp\/v2\/users\/2"}],"replies":[{"embeddable":true,"href":"https:\/\/www.ec-djk-aigen.de\/index.php?rest_route=%2Fwp%2Fv2%2Fcomments&post=3768"}],"version-history":[{"count":29,"href":"https:\/\/www.ec-djk-aigen.de\/index.php?rest_route=\/wp\/v2\/posts\/3768\/revisions"}],"predecessor-version":[{"id":3821,"href":"https:\/\/www.ec-djk-aigen.de\/index.php?rest_route=\/wp\/v2\/posts\/3768\/revisions\/3821"}],"wp:attachment":[{"href":"https:\/\/www.ec-djk-aigen.de\/index.php?rest_route=%2Fwp%2Fv2%2Fmedia&parent=3768"}],"wp:term":[{"taxonomy":"category","embeddable":true,"href":"https:\/\/www.ec-djk-aigen.de\/index.php?rest_route=%2Fwp%2Fv2%2Fcategories&post=3768"},{"taxonomy":"post_tag","embeddable":true,"href":"https:\/\/www.ec-djk-aigen.de\/index.php?rest_route=%2Fwp%2Fv2%2Ftags&post=3768"}],"curies":[{"name":"wp","href":"https:\/\/api.w.org\/{rel}","templated":true}]}}