{"id":3236,"date":"2014-10-09T09:09:59","date_gmt":"2014-10-09T07:09:59","guid":{"rendered":"http:\/\/www.ec-djk-aigen.de\/?p=3236"},"modified":"2014-10-20T18:31:45","modified_gmt":"2014-10-20T16:31:45","slug":"vereinsmeister-stehen-fest","status":"publish","type":"post","link":"https:\/\/www.ec-djk-aigen.de\/?p=3236","title":{"rendered":"Vereinsmeister stehen fest"},"content":{"rendered":"<p style=\"text-align: justify;\">Nachdem die <strong>Einzelmeisterschaft<\/strong> z\u00e4h angelaufen ist &#8211; den ersten Termin am Dienstag, dem 23. September, nahmen nur 2 Sch\u00fctzen wahr &#8211; und auch am Freitag nur wenige Sch\u00fctzen ihr K\u00f6nnen unter Beweis stellen wollten, kam es am Sonntag, dem 28. September zum gro\u00dfen Andrang, so dass schlie\u00dflich immerhin 25 Teilnehmer zu verzeichnen waren. Da die letztj\u00e4hrigen Vereinsmeister aus unterschiedlichen Gr\u00fcnden ganz leicht schw\u00e4chelten, schlug<strong> Max Dachsberger<\/strong> zu und holte sich mit 308 Punkten erstmals den Titel vor G\u00fcnther Krennleitner mit 303 und Ludwig Berger jun. mit 302 Punkten. <strong>Gratulation an die Besten und Dank an alle Teilnehmer!!!<\/strong><\/p>\n<p style=\"text-align: justify;\"><strong>Alle\u00a0 Platzierungen<\/strong>:\n<table id=\"tablepress-24\" class=\"tablepress tablepress-id-24\">\n<thead>\n<tr class=\"row-1\">\n\t<th class=\"column-1\">Platz<\/th><th class=\"column-2\">Sch\u00fctze<\/th><th class=\"column-3\">Punkte<\/th>\n<\/tr>\n<\/thead>\n<tbody class=\"row-striping row-hover\">\n<tr class=\"row-2\">\n\t<td class=\"column-1\">1<\/td><td class=\"column-2\">Max Dachsberger<\/td><td class=\"column-3\">308<\/td>\n<\/tr>\n<tr class=\"row-3\">\n\t<td class=\"column-1\">2<\/td><td class=\"column-2\">G\u00fcnther Krennleitner<\/td><td class=\"column-3\">303<\/td>\n<\/tr>\n<tr class=\"row-4\">\n\t<td class=\"column-1\">3<\/td><td class=\"column-2\"> Ludwig Berger jun.<\/td><td class=\"column-3\">302<\/td>\n<\/tr>\n<tr class=\"row-5\">\n\t<td class=\"column-1\">4<\/td><td class=\"column-2\">Helmut Wagner<\/td><td class=\"column-3\">301<\/td>\n<\/tr>\n<tr class=\"row-6\">\n\t<td class=\"column-1\">5<\/td><td class=\"column-2\">Johann Brundobler<\/td><td class=\"column-3\">289<\/td>\n<\/tr>\n<tr class=\"row-7\">\n\t<td class=\"column-1\">6<\/td><td class=\"column-2\">Alois Steiger<\/td><td class=\"column-3\">276<\/td>\n<\/tr>\n<tr class=\"row-8\">\n\t<td class=\"column-1\">7<\/td><td class=\"column-2\">Albert Huber<\/td><td class=\"column-3\">275<\/td>\n<\/tr>\n<tr class=\"row-9\">\n\t<td class=\"column-1\">8<\/td><td class=\"column-2\">Markus Urlhardt<\/td><td class=\"column-3\">264<\/td>\n<\/tr>\n<tr class=\"row-10\">\n\t<td class=\"column-1\">9<\/td><td class=\"column-2\">Florian Brundobler<\/td><td class=\"column-3\">263<\/td>\n<\/tr>\n<tr class=\"row-11\">\n\t<td class=\"column-1\">10<\/td><td class=\"column-2\">Stefan Mayerhofer<\/td><td class=\"column-3\">254<\/td>\n<\/tr>\n<tr class=\"row-12\">\n\t<td class=\"column-1\">11<\/td><td class=\"column-2\">Wilfried Zwicklbauer<\/td><td class=\"column-3\">234<\/td>\n<\/tr>\n<tr class=\"row-13\">\n\t<td class=\"column-1\">12<\/td><td class=\"column-2\">Franz Ortbauer<\/td><td class=\"column-3\">230<\/td>\n<\/tr>\n<tr class=\"row-14\">\n\t<td class=\"column-1\">13<\/td><td class=\"column-2\">Andreas Brenzinger<\/td><td class=\"column-3\">226<\/td>\n<\/tr>\n<tr class=\"row-15\">\n\t<td class=\"column-1\">14<\/td><td class=\"column-2\">Ludwig Berger sen. <\/td><td class=\"column-3\">224<\/td>\n<\/tr>\n<tr class=\"row-16\">\n\t<td class=\"column-1\">15<\/td><td class=\"column-2\">Matthias Schmidlehner<\/td><td class=\"column-3\">224<\/td>\n<\/tr>\n<tr class=\"row-17\">\n\t<td class=\"column-1\">16<\/td><td class=\"column-2\">Franz Priester<\/td><td class=\"column-3\">224<\/td>\n<\/tr>\n<tr class=\"row-18\">\n\t<td class=\"column-1\">17<\/td><td class=\"column-2\">Jan Doppelhammer<\/td><td class=\"column-3\">218<\/td>\n<\/tr>\n<tr class=\"row-19\">\n\t<td class=\"column-1\">18<\/td><td class=\"column-2\">Anton Strangm\u00fcller<\/td><td class=\"column-3\">213<\/td>\n<\/tr>\n<tr class=\"row-20\">\n\t<td class=\"column-1\">19<\/td><td class=\"column-2\">Josef Loher<\/td><td class=\"column-3\">207<\/td>\n<\/tr>\n<tr class=\"row-21\">\n\t<td class=\"column-1\">20<\/td><td class=\"column-2\">Florian Stempfl<\/td><td class=\"column-3\">196<\/td>\n<\/tr>\n<tr class=\"row-22\">\n\t<td class=\"column-1\">21<\/td><td class=\"column-2\">Michael Zwicklbauer<\/td><td class=\"column-3\">194<\/td>\n<\/tr>\n<tr class=\"row-23\">\n\t<td class=\"column-1\">22<\/td><td class=\"column-2\">Robert Heudecker<\/td><td class=\"column-3\">193<\/td>\n<\/tr>\n<tr class=\"row-24\">\n\t<td class=\"column-1\">23<\/td><td class=\"column-2\">Daniel Sp\u00f6ckner<\/td><td class=\"column-3\">179<\/td>\n<\/tr>\n<tr class=\"row-25\">\n\t<td class=\"column-1\">24<\/td><td class=\"column-2\">Christian Stempfl<\/td><td class=\"column-3\">173<\/td>\n<\/tr>\n<tr class=\"row-26\">\n\t<td class=\"column-1\">25<\/td><td class=\"column-2\">Markus Wagner<\/td><td class=\"column-3\">144<\/td>\n<\/tr>\n<\/tbody>\n<\/table>\n<\/p>\n<p style=\"text-align: justify;\">Die <strong>Mannschaftsmeisterschaft<\/strong>, die\u00a0 traditionell immer am 3. Oktober, unserem Nationalfeiertag, stattfindet, erfreute durch eine Super-Teilnahme, so da\u00df 7 Mannschaften zusammengelost werden konnten,\u00a0 einige sogar mit Ersatzsch\u00fctzen. Nach einer Doppelrunde, d.h. nach 12 Spielen hatte die Mannschaft 2 etwas \u00fcberraschend die Nase vorn und konnte einen 2-Punkte-Vorsprung \u00fcber die &#8222;Ziellinie&#8220; retten. <strong>Herzlichen Gl\u00fcckwunsch und Dank an alle Teilnehmer!!<\/strong> Im \u00fcbrigen bleibt festzustellen, da\u00df das Niveau der Leistungen sehr hoch war!<\/p>\n<p style=\"text-align: justify;\"><strong>Ergebnis Mannschaftsmeisterschaft:<\/strong>\n<table id=\"tablepress-25\" class=\"tablepress tablepress-id-25\">\n<thead>\n<tr class=\"row-1\">\n\t<th class=\"column-1\">Platz<\/th><th class=\"column-2\">Mannschaft<\/th><th class=\"column-3\">Punkte<\/th><th class=\"column-4\">Quote<\/th>\n<\/tr>\n<\/thead>\n<tbody class=\"row-striping row-hover\">\n<tr class=\"row-2\">\n\t<td class=\"column-1\"><\/td><td class=\"column-2\">Johann Brundobler, Albert Huber, G\u00fcnther Krennleitner,  Michael Zwicklbauer,<\/td><td class=\"column-3\">14:2<\/td><td class=\"column-4\"><\/td>\n<\/tr>\n<tr class=\"row-3\">\n\t<td class=\"column-1\"><\/td><td class=\"column-2\">Ludwig Berger sen,  Ludwig Berger jun, Willi Huber, Markus Urlhardt, <\/td><td class=\"column-3\">16:4<\/td><td class=\"column-4\"><\/td>\n<\/tr>\n<tr class=\"row-4\">\n\t<td class=\"column-1\">1<\/td><td class=\"column-2\">Albert Huber, Alex Madl, Stefan Mayerhofer, J\u00fcrgen Wagner, Heinz Prem<\/td><td class=\"column-3\">18:06<\/td><td class=\"column-4\"><\/td>\n<\/tr>\n<tr class=\"row-5\">\n\t<td class=\"column-1\">2<\/td><td class=\"column-2\">Wolfgang Auer, Ludwig Berger jun., Florian Brundobler, Matthias Schmidlehner, Franz Ortbauer sen.<\/td><td class=\"column-3\">16:08<\/td><td class=\"column-4\">2,13<\/td>\n<\/tr>\n<tr class=\"row-6\">\n\t<td class=\"column-1\">3<\/td><td class=\"column-2\">Max Dachsberger, Josef Loher, Franz Ortbauer jun., Helmut Wagner<\/td><td class=\"column-3\">16:08<\/td><td class=\"column-4\">1,64<\/td>\n<\/tr>\n<tr class=\"row-7\">\n\t<td class=\"column-1\">4<\/td><td class=\"column-2\">Leonhard Brauneis, Florian Stempfl, Markus Urlhardt, Michael Zwicklbauer<\/td><td class=\"column-3\">11:13<\/td><td class=\"column-4\"><\/td>\n<\/tr>\n<tr class=\"row-8\">\n\t<td class=\"column-1\">5<\/td><td class=\"column-2\">Andreas Brenzinger, Johann Brundobler, Willi Huber, G\u00fcnther Krennleitner, Anton Strangm\u00fcller<\/td><td class=\"column-3\">10:14<\/td><td class=\"column-4\"><\/td>\n<\/tr>\n<tr class=\"row-9\">\n\t<td class=\"column-1\">6<\/td><td class=\"column-2\">Michael Huber, Franz Priester, Daniel Sp\u00f6ckner, Markus Wagner<\/td><td class=\"column-3\">09:15<\/td><td class=\"column-4\"><\/td>\n<\/tr>\n<tr class=\"row-10\">\n\t<td class=\"column-1\">7<\/td><td class=\"column-2\">Jan Doppelhammer, Robert Heudecker, Christian Stempfl, Wilfried Zwicklbauer<\/td><td class=\"column-3\">04:20<\/td><td class=\"column-4\"><\/td>\n<\/tr>\n<\/tbody>\n<\/table>\n<\/p>\n<h2 style=\"text-align: center;\"><span style=\"color: #ff0000;\">Wichtig!<\/span><\/h2>\n<p style=\"text-align: justify;\"><span style=\"color: #ff0000;\"><strong>Hiermit ergeht herzliche Einladung zur Saisonabschlu\u00dffeier mit Siegerehrung der Vereinsmeister im Gasthaus Brauneis am Samstag, dem 18. Oktober um 19.30 Uhr. Diese Einladung gilt nat\u00fcrlich wie immer auch eurem &#8222;Anhang&#8220; (Gattin, Lebensgef\u00e4hrtin, Freundin)!<\/strong><\/span><\/p>\n<p style=\"text-align: center;\"><strong>Auf zahlreiche Teilnahme freut sich die Vorstandschaft!!<\/strong><\/p>\n","protected":false},"excerpt":{"rendered":"<p>Nachdem die Einzelmeisterschaft z\u00e4h angelaufen ist &#8211; den ersten Termin am Dienstag, dem 23. September, nahmen nur 2 Sch\u00fctzen wahr &#8211; und auch am Freitag nur wenige Sch\u00fctzen ihr K\u00f6nnen unter Beweis stellen wollten, kam es am Sonntag, dem 28. [&hellip;] <a class=\"more-link\" href=\"https:\/\/www.ec-djk-aigen.de\/?p=3236\">Kompletten Beitrag lesen&#8230;<\/a><\/p>\n","protected":false},"author":2,"featured_media":0,"comment_status":"closed","ping_status":"closed","sticky":false,"template":"","format":"standard","meta":{"footnotes":""},"categories":[1],"tags":[],"class_list":["post-3236","post","type-post","status-publish","format-standard","hentry","category-aktuell","uentry","postonpage-1","odd","post-author-heinz"],"_links":{"self":[{"href":"https:\/\/www.ec-djk-aigen.de\/index.php?rest_route=\/wp\/v2\/posts\/3236","targetHints":{"allow":["GET"]}}],"collection":[{"href":"https:\/\/www.ec-djk-aigen.de\/index.php?rest_route=\/wp\/v2\/posts"}],"about":[{"href":"https:\/\/www.ec-djk-aigen.de\/index.php?rest_route=\/wp\/v2\/types\/post"}],"author":[{"embeddable":true,"href":"https:\/\/www.ec-djk-aigen.de\/index.php?rest_route=\/wp\/v2\/users\/2"}],"replies":[{"embeddable":true,"href":"https:\/\/www.ec-djk-aigen.de\/index.php?rest_route=%2Fwp%2Fv2%2Fcomments&post=3236"}],"version-history":[{"count":26,"href":"https:\/\/www.ec-djk-aigen.de\/index.php?rest_route=\/wp\/v2\/posts\/3236\/revisions"}],"predecessor-version":[{"id":3343,"href":"https:\/\/www.ec-djk-aigen.de\/index.php?rest_route=\/wp\/v2\/posts\/3236\/revisions\/3343"}],"wp:attachment":[{"href":"https:\/\/www.ec-djk-aigen.de\/index.php?rest_route=%2Fwp%2Fv2%2Fmedia&parent=3236"}],"wp:term":[{"taxonomy":"category","embeddable":true,"href":"https:\/\/www.ec-djk-aigen.de\/index.php?rest_route=%2Fwp%2Fv2%2Fcategories&post=3236"},{"taxonomy":"post_tag","embeddable":true,"href":"https:\/\/www.ec-djk-aigen.de\/index.php?rest_route=%2Fwp%2Fv2%2Ftags&post=3236"}],"curies":[{"name":"wp","href":"https:\/\/api.w.org\/{rel}","templated":true}]}}