{"id":2946,"date":"2014-02-20T15:28:08","date_gmt":"2014-02-20T14:28:08","guid":{"rendered":"http:\/\/www.ec-djk-aigen.de\/?p=2946"},"modified":"2014-02-22T15:18:20","modified_gmt":"2014-02-22T14:18:20","slug":"wir-druecken-guenther-und-florian-die-daumen","status":"publish","type":"post","link":"https:\/\/www.ec-djk-aigen.de\/?p=2946","title":{"rendered":"Wir dr\u00fccken G\u00fcnther und Florian die Daumen"},"content":{"rendered":"<p style=\"text-align: justify;\">Aufgrund ihrer hervorragenden Leistungen beim Erringen der Bundesliga-Meisterschaft als auch des Deutschen Meistertitels in j\u00fcngster Vergangenheit wurden Florian und G\u00fcnther\u00a0 zum Qualifikationslehrgang <a href=\"https:\/\/www.ec-djk-aigen.de\/wp-content\/uploads\/2014\/02\/WMTEILNA.jpg\"><img loading=\"lazy\" decoding=\"async\" class=\"size-medium wp-image-2951 alignleft\" alt=\"WMTEILNA\" src=\"https:\/\/www.ec-djk-aigen.de\/wp-content\/uploads\/2014\/02\/WMTEILNA-300x238.jpg\" width=\"300\" height=\"238\" srcset=\"https:\/\/www.ec-djk-aigen.de\/wp-content\/uploads\/2014\/02\/WMTEILNA-300x238.jpg 300w, https:\/\/www.ec-djk-aigen.de\/wp-content\/uploads\/2014\/02\/WMTEILNA-500x398.jpg 500w, https:\/\/www.ec-djk-aigen.de\/wp-content\/uploads\/2014\/02\/WMTEILNA.jpg 1845w\" sizes=\"auto, (max-width: 300px) 100vw, 300px\" \/><\/a>des DESV vom 7. bis 9. Februar nach Waldkraiburg eingeladen: G\u00fcn- ther bei den Junioren, Florian bei den Senioren. Aufgrund \u00fcberzeugender Leistungen bei diesem Lehrgang wurden beide f\u00fcr die jeweilige WM-Mannschaft nominiert und ver- treten bei der Junioren-WM vom 20. bis 23. Februar \u00a0bzw. bei der Senioren-WM vom 24. Februar bis 1. M\u00e4rz\u00a0 in Innsbruck die deutschen Farben und nat\u00fcrlich unseren Verein. Wir w\u00fcnschen den beiden \u201eAush\u00e4n- geschildern\u201c des Vereins viel Erfolg und das n\u00f6tige Qu\u00e4ntchen Gl\u00fcck bei den anstehenden gro\u00dfen Aufgaben.<\/p>\n<p style=\"text-align: justify;\">\n<p style=\"text-align: justify;\">\n<p style=\"text-align: justify;\">\n<p style=\"text-align: center;\">\n<h2 style=\"text-align: center;\"><span style=\"color: #0000ff;\">Achtung wichtig!! &#8211; Achtung wichtig!!<\/span><\/h2>\n<p style=\"text-align: center;\"><strong>Am Faschingsdienstag um 15.00 Uhr findet wieder ein kleines Faschingsturnier statt. Das ist Gelegenheit auch f\u00fcr diejenigen, die schon l\u00e4ngere Zeit den Stock nicht mehr geschwungen haben, dies wieder einmal zu probieren. Der Einsatz betr\u00e4gt 5,00 Euro. Daf\u00fcr gibt es hinterher f\u00fcr alle Teilnehmer ein Schnitzel. Wir hoffen auf zahlreiche Teilnahme!<\/strong><\/p>\n","protected":false},"excerpt":{"rendered":"<p>Aufgrund ihrer hervorragenden Leistungen beim Erringen der Bundesliga-Meisterschaft als auch des Deutschen Meistertitels in j\u00fcngster Vergangenheit wurden Florian und G\u00fcnther\u00a0 zum Qualifikationslehrgang des DESV vom 7. bis 9. Februar nach Waldkraiburg eingeladen: G\u00fcn- ther bei den Junioren, Florian bei den [&hellip;] <a class=\"more-link\" href=\"https:\/\/www.ec-djk-aigen.de\/?p=2946\">Kompletten Beitrag lesen&#8230;<\/a><\/p>\n","protected":false},"author":2,"featured_media":0,"comment_status":"closed","ping_status":"closed","sticky":false,"template":"","format":"standard","meta":{"footnotes":""},"categories":[1],"tags":[],"class_list":["post-2946","post","type-post","status-publish","format-standard","hentry","category-aktuell","uentry","postonpage-1","odd","post-author-heinz"],"_links":{"self":[{"href":"https:\/\/www.ec-djk-aigen.de\/index.php?rest_route=\/wp\/v2\/posts\/2946","targetHints":{"allow":["GET"]}}],"collection":[{"href":"https:\/\/www.ec-djk-aigen.de\/index.php?rest_route=\/wp\/v2\/posts"}],"about":[{"href":"https:\/\/www.ec-djk-aigen.de\/index.php?rest_route=\/wp\/v2\/types\/post"}],"author":[{"embeddable":true,"href":"https:\/\/www.ec-djk-aigen.de\/index.php?rest_route=\/wp\/v2\/users\/2"}],"replies":[{"embeddable":true,"href":"https:\/\/www.ec-djk-aigen.de\/index.php?rest_route=%2Fwp%2Fv2%2Fcomments&post=2946"}],"version-history":[{"count":15,"href":"https:\/\/www.ec-djk-aigen.de\/index.php?rest_route=\/wp\/v2\/posts\/2946\/revisions"}],"predecessor-version":[{"id":2963,"href":"https:\/\/www.ec-djk-aigen.de\/index.php?rest_route=\/wp\/v2\/posts\/2946\/revisions\/2963"}],"wp:attachment":[{"href":"https:\/\/www.ec-djk-aigen.de\/index.php?rest_route=%2Fwp%2Fv2%2Fmedia&parent=2946"}],"wp:term":[{"taxonomy":"category","embeddable":true,"href":"https:\/\/www.ec-djk-aigen.de\/index.php?rest_route=%2Fwp%2Fv2%2Fcategories&post=2946"},{"taxonomy":"post_tag","embeddable":true,"href":"https:\/\/www.ec-djk-aigen.de\/index.php?rest_route=%2Fwp%2Fv2%2Ftags&post=2946"}],"curies":[{"name":"wp","href":"https:\/\/api.w.org\/{rel}","templated":true}]}}