{"id":2798,"date":"2014-01-23T18:32:08","date_gmt":"2014-01-23T17:32:08","guid":{"rendered":"http:\/\/www.ec-djk-aigen.de\/?p=2798"},"modified":"2014-01-23T18:33:03","modified_gmt":"2014-01-23T17:33:03","slug":"unsere-1-mannschaft-startet-am-freitag-erneut-bei-der-dm-auf-eis","status":"publish","type":"post","link":"https:\/\/www.ec-djk-aigen.de\/?p=2798","title":{"rendered":"Unsere 1. Mannschaft startet am Freitag erneut bei der DM auf Eis"},"content":{"rendered":"<h4><span style=\"color: #ff0000;\"><strong>Unsere in der Bundesliga k\u00fcrzlich so erfolgreiche 1. Mannschaft tritt am Freitag und Samstag in Peiting zur Deutschen Meisterschaft an. Aus dem Verfasser dieser Zeilen nicht bekannten Gr\u00fcnden ist die Originalbesetzung jedoch nicht m\u00f6glich. Albert Huber wird Ludwig Berger ersetzen. Wir w\u00fcnschen ihm und nat\u00fcrlich seinen Mitstreitern f\u00fcr ein gutes Abschneiden viel Gl\u00fcck, denn das braucht man neben dem K\u00f6nnen, das zweifelsohne vorhanden ist, auch immer wieder. Wir werden am Live-Ticker mitfiebern!<\/strong><\/span><\/h4>\n","protected":false},"excerpt":{"rendered":"<p>Unsere in der Bundesliga k\u00fcrzlich so erfolgreiche 1. Mannschaft tritt am Freitag und Samstag in Peiting zur Deutschen Meisterschaft an. Aus dem Verfasser dieser Zeilen nicht bekannten Gr\u00fcnden ist die Originalbesetzung jedoch nicht m\u00f6glich. Albert Huber wird Ludwig Berger ersetzen. [&hellip;] <a class=\"more-link\" href=\"https:\/\/www.ec-djk-aigen.de\/?p=2798\">Kompletten Beitrag lesen&#8230;<\/a><\/p>\n","protected":false},"author":2,"featured_media":0,"comment_status":"closed","ping_status":"closed","sticky":false,"template":"","format":"standard","meta":{"footnotes":""},"categories":[1],"tags":[],"class_list":["post-2798","post","type-post","status-publish","format-standard","hentry","category-aktuell","uentry","postonpage-1","odd","post-author-heinz"],"_links":{"self":[{"href":"https:\/\/www.ec-djk-aigen.de\/index.php?rest_route=\/wp\/v2\/posts\/2798","targetHints":{"allow":["GET"]}}],"collection":[{"href":"https:\/\/www.ec-djk-aigen.de\/index.php?rest_route=\/wp\/v2\/posts"}],"about":[{"href":"https:\/\/www.ec-djk-aigen.de\/index.php?rest_route=\/wp\/v2\/types\/post"}],"author":[{"embeddable":true,"href":"https:\/\/www.ec-djk-aigen.de\/index.php?rest_route=\/wp\/v2\/users\/2"}],"replies":[{"embeddable":true,"href":"https:\/\/www.ec-djk-aigen.de\/index.php?rest_route=%2Fwp%2Fv2%2Fcomments&post=2798"}],"version-history":[{"count":2,"href":"https:\/\/www.ec-djk-aigen.de\/index.php?rest_route=\/wp\/v2\/posts\/2798\/revisions"}],"predecessor-version":[{"id":2800,"href":"https:\/\/www.ec-djk-aigen.de\/index.php?rest_route=\/wp\/v2\/posts\/2798\/revisions\/2800"}],"wp:attachment":[{"href":"https:\/\/www.ec-djk-aigen.de\/index.php?rest_route=%2Fwp%2Fv2%2Fmedia&parent=2798"}],"wp:term":[{"taxonomy":"category","embeddable":true,"href":"https:\/\/www.ec-djk-aigen.de\/index.php?rest_route=%2Fwp%2Fv2%2Fcategories&post=2798"},{"taxonomy":"post_tag","embeddable":true,"href":"https:\/\/www.ec-djk-aigen.de\/index.php?rest_route=%2Fwp%2Fv2%2Ftags&post=2798"}],"curies":[{"name":"wp","href":"https:\/\/api.w.org\/{rel}","templated":true}]}}