{"id":2266,"date":"2013-12-31T11:34:46","date_gmt":"2013-12-31T10:34:46","guid":{"rendered":"http:\/\/www.ec-djk-aigen.de\/?p=2266"},"modified":"2014-01-01T17:45:32","modified_gmt":"2014-01-01T16:45:32","slug":"zum-jahresende-2013-und-jahresanfang-2014","status":"publish","type":"post","link":"https:\/\/www.ec-djk-aigen.de\/?p=2266","title":{"rendered":"Zum Jahresende 2013 und Jahresanfang 2014"},"content":{"rendered":"<p style=\"text-align: left;\"><strong><a href=\"https:\/\/www.ec-djk-aigen.de\/wp-content\/uploads\/2013\/12\/pr_schorni.gif\"><img loading=\"lazy\" decoding=\"async\" class=\"alignleft size-medium wp-image-2288\" alt=\"pr_schorni\" src=\"https:\/\/www.ec-djk-aigen.de\/wp-content\/uploads\/2013\/12\/pr_schorni-300x216.gif\" width=\"300\" height=\"216\" \/><\/a>Nach langer &#8222;Sendepause&#8220;\u00a0 nun wieder ein Lebenszeichen<\/strong>.<\/p>\n<p style=\"text-align: left;\">Das letzte Jahr war gepr\u00e4gt von der <strong>Hallenrenovierung<\/strong>, die dank hervorragender Beteiligung eurerseits in relativ kurzer, intensiver Arbeitsphase abgewickelt werden konnte. Daf\u00fcr allen Helfern, die einen Beitrag dazu leisteten, aufrichtigen Dank. Das Ergebnis unserer Arbeit liefert immer wieder den Beweis der Richtigkeit des Vorgehens. Wir hoffen nat\u00fcrlich auf einen nachhaltigen Erfolg, soll heissen, dass unser neuer Belag sehr lange seine Aufgabe hervorragend erf\u00fcllt.<\/p>\n<p style=\"text-align: left;\">Sportlich gab es wie jedes Jahr Erfolge, leider aber auch den Abstieg der 1. Mannschaft aus der 1. BL auf Sommerbahnen. Daf\u00fcr lief es in der Vorrunde\u00a0 auf Eis sehr gut und es konnte mit 33 : 21 Punkten der 6. Platz, punktgleich mit dem 4. Rang, eine hervorragende Ausgangsbasis f\u00fcr die R\u00fcckrunde am 11. und 12. Januar in Straubing geschaffen werden. Bei der 2. Mannschaft in der 2. BL war, mitbedingt durch gesunheitsbedingte Ausf\u00e4lle, in der Vorrunde leider nur einer der hinteren Pl\u00e4tze drin, so dass wir unsere Hoffnung auf eine gute R\u00fcckrunde am 11. und 12. Januar in Dorfen st\u00fctzen. Beiden Mannschaften gilt unser Dank f\u00fcr den Einsatz im vergangenen und unser Daumendr\u00fccken f\u00fcr das neue Jahr! Nicht vergessen wollen wir auch alle weiteren Mannschaften, die z.T. recht erfolgreich waren und denen nat\u00fcrlich auch unser Dank gilt.<\/p>\n<p style=\"text-align: left;\">Nun gilt es, unser Eisturnier am 5. Januar in Waldkirchen gut \u00fcber die B\u00fchne zu bringen und bei den Meisterschaften auf Eis mit Geschick und Gl\u00fcck zu bestehen.<\/p>\n<p style=\"text-align: center;\">In diesem Sinne <strong>allen Mitgliedern und deren Familien einen guten Rutsch\u00a0 mit besten W\u00fcnschen f\u00fcr die Gesundheit im Jahr\u00a0 2014<\/strong><a href=\"https:\/\/www.ec-djk-aigen.de\/wp-content\/uploads\/2013\/12\/schnweinchen-neujahr3.jpg\"><img loading=\"lazy\" decoding=\"async\" class=\"size-full wp-image-2271 aligncenter\" alt=\"schnweinchen-neujahr3\" src=\"https:\/\/www.ec-djk-aigen.de\/wp-content\/uploads\/2013\/12\/schnweinchen-neujahr3.jpg\" width=\"214\" height=\"198\" \/><\/a><\/p>\n","protected":false},"excerpt":{"rendered":"<p>Nach langer &#8222;Sendepause&#8220;\u00a0 nun wieder ein Lebenszeichen. Das letzte Jahr war gepr\u00e4gt von der Hallenrenovierung, die dank hervorragender Beteiligung eurerseits in relativ kurzer, intensiver Arbeitsphase abgewickelt werden konnte. Daf\u00fcr allen Helfern, die einen Beitrag dazu leisteten, aufrichtigen Dank. Das Ergebnis [&hellip;] <a class=\"more-link\" href=\"https:\/\/www.ec-djk-aigen.de\/?p=2266\">Kompletten Beitrag lesen&#8230;<\/a><\/p>\n","protected":false},"author":2,"featured_media":0,"comment_status":"closed","ping_status":"closed","sticky":false,"template":"","format":"standard","meta":{"footnotes":""},"categories":[1],"tags":[],"class_list":["post-2266","post","type-post","status-publish","format-standard","hentry","category-aktuell","uentry","postonpage-1","odd","post-author-heinz"],"_links":{"self":[{"href":"https:\/\/www.ec-djk-aigen.de\/index.php?rest_route=\/wp\/v2\/posts\/2266","targetHints":{"allow":["GET"]}}],"collection":[{"href":"https:\/\/www.ec-djk-aigen.de\/index.php?rest_route=\/wp\/v2\/posts"}],"about":[{"href":"https:\/\/www.ec-djk-aigen.de\/index.php?rest_route=\/wp\/v2\/types\/post"}],"author":[{"embeddable":true,"href":"https:\/\/www.ec-djk-aigen.de\/index.php?rest_route=\/wp\/v2\/users\/2"}],"replies":[{"embeddable":true,"href":"https:\/\/www.ec-djk-aigen.de\/index.php?rest_route=%2Fwp%2Fv2%2Fcomments&post=2266"}],"version-history":[{"count":9,"href":"https:\/\/www.ec-djk-aigen.de\/index.php?rest_route=\/wp\/v2\/posts\/2266\/revisions"}],"predecessor-version":[{"id":2336,"href":"https:\/\/www.ec-djk-aigen.de\/index.php?rest_route=\/wp\/v2\/posts\/2266\/revisions\/2336"}],"wp:attachment":[{"href":"https:\/\/www.ec-djk-aigen.de\/index.php?rest_route=%2Fwp%2Fv2%2Fmedia&parent=2266"}],"wp:term":[{"taxonomy":"category","embeddable":true,"href":"https:\/\/www.ec-djk-aigen.de\/index.php?rest_route=%2Fwp%2Fv2%2Fcategories&post=2266"},{"taxonomy":"post_tag","embeddable":true,"href":"https:\/\/www.ec-djk-aigen.de\/index.php?rest_route=%2Fwp%2Fv2%2Ftags&post=2266"}],"curies":[{"name":"wp","href":"https:\/\/api.w.org\/{rel}","templated":true}]}}