{"id":2099,"date":"2013-06-25T19:58:25","date_gmt":"2013-06-25T17:58:25","guid":{"rendered":"http:\/\/www.ec-djk-aigen.de\/?p=2099"},"modified":"2013-06-25T23:49:23","modified_gmt":"2013-06-25T21:49:23","slug":"juni-ruckblick-freude-und-trauer","status":"publish","type":"post","link":"https:\/\/www.ec-djk-aigen.de\/?p=2099","title":{"rendered":"Juni-R\u00fcckblick: Freude und Trauer"},"content":{"rendered":"<p style=\"text-align: justify;\"><strong>Das Gute voraus: Die Sonnwendfeier war ein toller Erfolg, nachdem uns der Wettergott nach 3 Jahren endlich wieder gut gesinnt war (siehe auch <em>Rund ums Stockh\u00e4usl-Sonnwendfeier<\/em>). Sportlich haben unsere Junioren (U23) mit dem 3. Platz bei der Bayerischen Meisterschaft in Plattling unser EC-F\u00e4hnlein hochgehalten. In der Besetzung Albert Huber, G\u00fcnther Krennleitner, Kevin Wimmer und Michael Zwicklbauer waren sie nach der Vorrunde mit 2 Punkten Vorsprung noch auf Platz 1. Im Halbfinale verlor man dann leider gegen Pilsting, konnte dann aber das Kleine Finale gegen Sa\u00dfbach f\u00fcr sich entscheiden. Herlichen Gl\u00fcckwunsch zu diesem Erfolg<\/strong><strong>!!<\/strong><strong><a href=\"https:\/\/www.ec-djk-aigen.de\/wp-content\/uploads\/2013\/06\/U23_WEB.jpg\"><img loading=\"lazy\" decoding=\"async\" class=\"size-medium wp-image-2107 alignleft\" style=\"margin-left: 20px; margin-right: 20px;\" alt=\"U23_WEB\" src=\"https:\/\/www.ec-djk-aigen.de\/wp-content\/uploads\/2013\/06\/U23_WEB-231x300.jpg\" width=\"231\" height=\"300\" srcset=\"https:\/\/www.ec-djk-aigen.de\/wp-content\/uploads\/2013\/06\/U23_WEB-231x300.jpg 231w, https:\/\/www.ec-djk-aigen.de\/wp-content\/uploads\/2013\/06\/U23_WEB-385x500.jpg 385w, https:\/\/www.ec-djk-aigen.de\/wp-content\/uploads\/2013\/06\/U23_WEB.jpg 408w\" sizes=\"auto, (max-width: 231px) 100vw, 231px\" \/><\/a> <\/strong><\/p>\n<p>&nbsp;<\/p>\n<p>&nbsp;<\/p>\n<p><strong>Bei der Siegerehrung (v.l.): Albert, Kevin, Michael und G\u00fcnther<\/strong><\/p>\n<p>&nbsp;<\/p>\n<p>&nbsp;<\/p>\n<p>&nbsp;<\/p>\n<p>&nbsp;<\/p>\n<p>&nbsp;<\/p>\n<p>&nbsp;<\/p>\n<p>&nbsp;<\/p>\n<p>&nbsp;<\/p>\n<p style=\"text-align: justify;\"><strong>Immerhin die Erwartung des Klassenerhaltes hat die 2. Mannschaft in der Stammbesetzung Auer Wolfgang, Huber Albert, Ortbauer Franz jun. und J\u00fcrgen Wagner mit dem Erreichen des 7. Platzes in der Oberliga Ost-Ost erf\u00fcllt. Dieses Ziel zu erreichen gelang unserer 1. Mannschaft in Stammbesetzung Berger Ludwig, Brundobler Florian, Dachsberger Max und Krennleitner G\u00fcnther in Pilgramsberg leider nicht. Ziemlich von der Rolle steigen sie als Vorletzter in die 2. Bundesliga ab. Das gleiche Schicksal ereilte auch unsere 3. Mannschaft in der Besetzung Brundobler Johann, Steiger Alois, Urlhardt Markus und Wagner Helmut mit dem 13. Platz in der Landesliga Ost-Ost und auch unsere 4. Mannschaft in der Besetzung Mayerhofer Stefan, Priester Franz, Wimmer Kevin und Zwicklbauer Wilfried mit dem 12. Platz in der Bezirksliga Ost. Eine solche Abstiegsflut ist uns bisher fremd und unsere grossen Erfolge haben uns sehr verw\u00f6hnt. Umso schmerzlicher sind nun diese Ergebnisse. Dennoch: auch wir haben den Erfolg nicht gepachtet. Aber es ist nicht unwahrscheinlich, da\u00df es nach diesem sportlichen R\u00fcckschlag wieder aufw\u00e4rts gehen wird, besonders dann, wenn so manche der &#8222;atmosph\u00e4rischen St\u00f6rungen&#8220;, von denen man h\u00f6rt, ausger\u00e4umt werden kann. Kopf hoch!! Wir wissen, ihr k\u00f6nnt es besser!!!<\/strong><\/p>\n","protected":false},"excerpt":{"rendered":"<p>Das Gute voraus: Die Sonnwendfeier war ein toller Erfolg, nachdem uns der Wettergott nach 3 Jahren endlich wieder gut gesinnt war (siehe auch Rund ums Stockh\u00e4usl-Sonnwendfeier). Sportlich haben unsere Junioren (U23) mit dem 3. Platz bei der Bayerischen Meisterschaft in [&hellip;] <a class=\"more-link\" href=\"https:\/\/www.ec-djk-aigen.de\/?p=2099\">Kompletten Beitrag lesen&#8230;<\/a><\/p>\n","protected":false},"author":2,"featured_media":0,"comment_status":"closed","ping_status":"closed","sticky":false,"template":"","format":"standard","meta":{"footnotes":""},"categories":[1],"tags":[],"class_list":["post-2099","post","type-post","status-publish","format-standard","hentry","category-aktuell","uentry","postonpage-1","odd","post-author-heinz"],"_links":{"self":[{"href":"https:\/\/www.ec-djk-aigen.de\/index.php?rest_route=\/wp\/v2\/posts\/2099","targetHints":{"allow":["GET"]}}],"collection":[{"href":"https:\/\/www.ec-djk-aigen.de\/index.php?rest_route=\/wp\/v2\/posts"}],"about":[{"href":"https:\/\/www.ec-djk-aigen.de\/index.php?rest_route=\/wp\/v2\/types\/post"}],"author":[{"embeddable":true,"href":"https:\/\/www.ec-djk-aigen.de\/index.php?rest_route=\/wp\/v2\/users\/2"}],"replies":[{"embeddable":true,"href":"https:\/\/www.ec-djk-aigen.de\/index.php?rest_route=%2Fwp%2Fv2%2Fcomments&post=2099"}],"version-history":[{"count":17,"href":"https:\/\/www.ec-djk-aigen.de\/index.php?rest_route=\/wp\/v2\/posts\/2099\/revisions"}],"predecessor-version":[{"id":2117,"href":"https:\/\/www.ec-djk-aigen.de\/index.php?rest_route=\/wp\/v2\/posts\/2099\/revisions\/2117"}],"wp:attachment":[{"href":"https:\/\/www.ec-djk-aigen.de\/index.php?rest_route=%2Fwp%2Fv2%2Fmedia&parent=2099"}],"wp:term":[{"taxonomy":"category","embeddable":true,"href":"https:\/\/www.ec-djk-aigen.de\/index.php?rest_route=%2Fwp%2Fv2%2Fcategories&post=2099"},{"taxonomy":"post_tag","embeddable":true,"href":"https:\/\/www.ec-djk-aigen.de\/index.php?rest_route=%2Fwp%2Fv2%2Ftags&post=2099"}],"curies":[{"name":"wp","href":"https:\/\/api.w.org\/{rel}","templated":true}]}}