{"id":1920,"date":"2013-06-10T15:59:09","date_gmt":"2013-06-10T13:59:09","guid":{"rendered":"http:\/\/www.ec-djk-aigen.de\/?p=1920"},"modified":"2013-06-10T16:51:11","modified_gmt":"2013-06-10T14:51:11","slug":"juni-nachrichten","status":"publish","type":"post","link":"https:\/\/www.ec-djk-aigen.de\/?p=1920","title":{"rendered":"Juni-Nachrichten"},"content":{"rendered":"<p>&nbsp;<\/p>\n<p><b>In diesem Monat ist wie<\/b><b> jedes Jahr, der Verein sehr stark gefordert (siehe Termine im Ju\u00adni): Sportlich bei <\/b><b>den Mei\u00adster\u00adschaften <\/b><b>in den oberen Lig<\/b><b>en sowie gesell\u00adschaftlich bei der <\/b><b>Vorbereitung und Durchf\u00fchrung der <\/b><b>Sonnwendfeier. Dass wir uns bei den Meister\u00adschaf\u00ad\u00adten Erfolg wenigstens im Sinne des Klas\u00adsenerhaltes w\u00fcnschen, ist klar.Dazu w\u00fcnschen wir unseren Aktiven viel Gl\u00fcck.<\/b><\/p>\n<p><b>Ein Erfolg bei <\/b><a href=\"https:\/\/www.ec-djk-aigen.de\/wp-content\/uploads\/2013\/06\/P1020477a.jpg\"><img loading=\"lazy\" decoding=\"async\" class=\"alignleft size-medium wp-image-1925\" alt=\"P1020477a\" src=\"https:\/\/www.ec-djk-aigen.de\/wp-content\/uploads\/2013\/06\/P1020477a-300x225.jpg\" width=\"378\" height=\"284\" srcset=\"https:\/\/www.ec-djk-aigen.de\/wp-content\/uploads\/2013\/06\/P1020477a-300x225.jpg 300w, https:\/\/www.ec-djk-aigen.de\/wp-content\/uploads\/2013\/06\/P1020477a.jpg 400w\" sizes=\"auto, (max-width: 378px) 100vw, 378px\" \/><\/a><b>der Durchf\u00fchrung der Sonnwendfeier w\u00e4re sicherlich nach meh\u00adreren verregneten Jahren ein richtig sch\u00f6ner Sommerabend <\/b><b>mit tollem Besuch, verbunden mit entsprechenden Einnahmen, umso wichtiger, als wir ja mit der Bahnensa\u00adnierung Gro\u00dfes vorhaben. Wie alle Veranstalter von Festen haben auch wir auf das Wetter keinen Einfluss. Wir werden aber mit Sicherheit versu\u00adchen, wieder ein sehr guter Gastgeber zu sein: mit Speisen und Getr\u00e4nken zu <\/b><b>moderaten Preisen und Live-Musik mit Rainer. <\/b><\/p>\n<p><b>Daumen halten, damit das mit dem Wetter klappt. Die Voraussagen sind nicht schlecht.<br \/>\n<\/b><\/p>\n","protected":false},"excerpt":{"rendered":"<p>&nbsp; In diesem Monat ist wie jedes Jahr, der Verein sehr stark gefordert (siehe Termine im Ju\u00adni): Sportlich bei den Mei\u00adster\u00adschaften in den oberen Ligen sowie gesell\u00adschaftlich bei der Vorbereitung und Durchf\u00fchrung der Sonnwendfeier. Dass wir uns bei den Meister\u00adschaf\u00ad\u00adten [&hellip;] <a class=\"more-link\" href=\"https:\/\/www.ec-djk-aigen.de\/?p=1920\">Kompletten Beitrag lesen&#8230;<\/a><\/p>\n","protected":false},"author":2,"featured_media":0,"comment_status":"closed","ping_status":"closed","sticky":false,"template":"","format":"standard","meta":{"footnotes":""},"categories":[1],"tags":[],"class_list":["post-1920","post","type-post","status-publish","format-standard","hentry","category-aktuell","uentry","postonpage-1","odd","post-author-heinz"],"_links":{"self":[{"href":"https:\/\/www.ec-djk-aigen.de\/index.php?rest_route=\/wp\/v2\/posts\/1920","targetHints":{"allow":["GET"]}}],"collection":[{"href":"https:\/\/www.ec-djk-aigen.de\/index.php?rest_route=\/wp\/v2\/posts"}],"about":[{"href":"https:\/\/www.ec-djk-aigen.de\/index.php?rest_route=\/wp\/v2\/types\/post"}],"author":[{"embeddable":true,"href":"https:\/\/www.ec-djk-aigen.de\/index.php?rest_route=\/wp\/v2\/users\/2"}],"replies":[{"embeddable":true,"href":"https:\/\/www.ec-djk-aigen.de\/index.php?rest_route=%2Fwp%2Fv2%2Fcomments&post=1920"}],"version-history":[{"count":13,"href":"https:\/\/www.ec-djk-aigen.de\/index.php?rest_route=\/wp\/v2\/posts\/1920\/revisions"}],"predecessor-version":[{"id":1934,"href":"https:\/\/www.ec-djk-aigen.de\/index.php?rest_route=\/wp\/v2\/posts\/1920\/revisions\/1934"}],"wp:attachment":[{"href":"https:\/\/www.ec-djk-aigen.de\/index.php?rest_route=%2Fwp%2Fv2%2Fmedia&parent=1920"}],"wp:term":[{"taxonomy":"category","embeddable":true,"href":"https:\/\/www.ec-djk-aigen.de\/index.php?rest_route=%2Fwp%2Fv2%2Fcategories&post=1920"},{"taxonomy":"post_tag","embeddable":true,"href":"https:\/\/www.ec-djk-aigen.de\/index.php?rest_route=%2Fwp%2Fv2%2Ftags&post=1920"}],"curies":[{"name":"wp","href":"https:\/\/api.w.org\/{rel}","templated":true}]}}