{"id":1771,"date":"2013-05-29T13:54:46","date_gmt":"2013-05-29T11:54:46","guid":{"rendered":"http:\/\/www.ec-djk-aigen.de\/?p=1771"},"modified":"2013-06-05T09:34:12","modified_gmt":"2013-06-05T07:34:12","slug":"aktuelles-vom-wonnemonat","status":"publish","type":"post","link":"https:\/\/www.ec-djk-aigen.de\/?p=1771","title":{"rendered":"Aktuelles vom &#8222;Wonnemonat&#8220;"},"content":{"rendered":"<p><span style=\"color: #000000;\"><strong>Ergebnis Kreispokal der Herren in Passau-Neustift:<\/strong><\/span><\/p>\n<ul>\n<li><strong><span style=\"color: #ff6600;\">Gruppe A: 1. Platz Mannschaft Aigen I: Florian, Ludwig, G\u00fcnther und Max<\/span><\/strong><\/li>\n<\/ul>\n<p><a href=\"https:\/\/www.ec-djk-aigen.de\/wp-content\/uploads\/2013\/05\/Sieger-Kreispokal.jpg\"><img loading=\"lazy\" decoding=\"async\" class=\"alignleft size-full wp-image-1901\" style=\"margin-top: -10px; margin-left: 100px; margin-right: 100px;\" alt=\"Sieger Kreispokal\" src=\"https:\/\/www.ec-djk-aigen.de\/wp-content\/uploads\/2013\/05\/Sieger-Kreispokal.jpg\" width=\"260\" height=\"273\" \/><\/a><\/p>\n<p>&nbsp;<\/p>\n<p>&nbsp;<\/p>\n<p>&nbsp;<\/p>\n<p>&nbsp;<\/p>\n<p>&nbsp;<\/p>\n<p>&nbsp;<\/p>\n<p>&nbsp;<\/p>\n<p>&nbsp;<\/p>\n<p>&nbsp;<\/p>\n<p>&nbsp;<\/p>\n<ul>\n<li><span style=\"color: #ff6600;\"><strong>Gruppe B: 5. Platz Mannschaft Aigen II: Wolfgang,\u00a0 Albert, Franz und J\u00fcrgen<br \/>\n<\/strong><\/span><\/li>\n<\/ul>\n<p><strong>Ergebnisse bei den Nachwuchs-Kreismeisterschaften:<\/strong><\/p>\n<ul>\n<li><strong>U16 in Kirchham: 2. Platz:\u00a0 M. Huber, M. Glutzberger. St. Mayerhofer, F. Stempfl<\/strong><\/li>\n<li><strong>U 19 in Vilshofen: ??<\/strong><\/li>\n<\/ul>\n<p><strong>Ergebnissse bei den Nachwuchs-Kreismeisterschaften im Zielwettbewerb:<\/strong><\/p>\n<ul>\n<li><strong><span style=\"color: #ff6600;\">U16<\/span>: <\/strong><\/li>\n<li><strong>1. Platz Mayerhofer Stefan<\/strong><\/li>\n<li><strong>5. Platz Stempfl Florian<\/strong><\/li>\n<li><\/li>\n<li><strong><span style=\"color: #ff6600;\">U19<\/span>: <\/strong><\/li>\n<li><strong>2. Platz Stempfl Christian<\/strong><\/li>\n<li><\/li>\n<li><strong><span style=\"color: #ff6600;\">U23<\/span>:<\/strong><\/li>\n<li><strong> 1. Platz Krennleitner G\u00fcnther<\/strong><\/li>\n<li><strong>5. Platz Huber Albert<\/strong><\/li>\n<\/ul>\n<h2 style=\"text-align: center;\">\u00a0<span style=\"color: #000000;\"><strong>Wichtige Nachricht!!\u00a0\u00a0<\/strong><\/span><\/h2>\n<div id=\"attachment_1807\" style=\"width: 342px\" class=\"wp-caption alignleft\"><a href=\"https:\/\/www.ec-djk-aigen.de\/wp-content\/uploads\/2013\/05\/CIMG5989.jpg\"><img loading=\"lazy\" decoding=\"async\" aria-describedby=\"caption-attachment-1807\" class=\"size-medium wp-image-1807  \" alt=\"CIMG5989\" src=\"https:\/\/www.ec-djk-aigen.de\/wp-content\/uploads\/2013\/05\/CIMG5989-300x225.jpg\" width=\"332\" height=\"248\" srcset=\"https:\/\/www.ec-djk-aigen.de\/wp-content\/uploads\/2013\/05\/CIMG5989-300x225.jpg 300w, https:\/\/www.ec-djk-aigen.de\/wp-content\/uploads\/2013\/05\/CIMG5989-500x375.jpg 500w, https:\/\/www.ec-djk-aigen.de\/wp-content\/uploads\/2013\/05\/CIMG5989.jpg 1024w\" sizes=\"auto, (max-width: 332px) 100vw, 332px\" \/><\/a><p id=\"caption-attachment-1807\" class=\"wp-caption-text\">Spendenscheck-\u00dcbergabe der stellv. Gesch\u00e4ftsstellenleiterin<br \/>von Bad F\u00fcssing A. Lanzl an unseren Schriftf\u00fchrer W. Auer<\/p><\/div>\n<p>&nbsp;<\/p>\n<p style=\"text-align: left;\"><strong>Die Sanierung der Bahnen ist beschlossene Sache: Die Vorbereitungen laufen bereits. Im Zuge der Einbringung des neuen Pflasterbelages wird auch eine Vergr\u00f6\u00dferung des\u00a0 Zuschauerraumes durchgef\u00fchrt. F\u00fcr die finanziell aufwendige Ma\u00dfna<\/strong><strong>hme wurden Zusch\u00fcsse bei der Gemeinde und beim DJK-Di\u00f6zesanverband beantragt.<\/strong><\/p>\n<p>&nbsp;<\/p>\n<p><strong><span style=\"color: #0000ff;\">Von der Sparkasse Passau ist die erste Spende zu unserem Vorhaben eingegangen. Herzlichen Dank!\u00a0\u00a0 Nachahmer erw\u00fcnscht!!<br \/>\n<\/span><\/strong><\/p>\n<p><strong><br \/>\n<\/strong><\/p>\n<p><span style=\"color: #0000ff;\"><strong><br \/>\n<\/strong><\/span><\/p>\n","protected":false},"excerpt":{"rendered":"<p>Ergebnis Kreispokal der Herren in Passau-Neustift: Gruppe A: 1. Platz Mannschaft Aigen I: Florian, Ludwig, G\u00fcnther und Max &nbsp; &nbsp; &nbsp; &nbsp; &nbsp; &nbsp; &nbsp; &nbsp; &nbsp; &nbsp; Gruppe B: 5. Platz Mannschaft Aigen II: Wolfgang,\u00a0 Albert, Franz und J\u00fcrgen [&hellip;] <a class=\"more-link\" href=\"https:\/\/www.ec-djk-aigen.de\/?p=1771\">Kompletten Beitrag lesen&#8230;<\/a><\/p>\n","protected":false},"author":2,"featured_media":0,"comment_status":"closed","ping_status":"closed","sticky":false,"template":"","format":"standard","meta":{"footnotes":""},"categories":[1],"tags":[],"class_list":["post-1771","post","type-post","status-publish","format-standard","hentry","category-aktuell","uentry","postonpage-1","odd","post-author-heinz"],"_links":{"self":[{"href":"https:\/\/www.ec-djk-aigen.de\/index.php?rest_route=\/wp\/v2\/posts\/1771","targetHints":{"allow":["GET"]}}],"collection":[{"href":"https:\/\/www.ec-djk-aigen.de\/index.php?rest_route=\/wp\/v2\/posts"}],"about":[{"href":"https:\/\/www.ec-djk-aigen.de\/index.php?rest_route=\/wp\/v2\/types\/post"}],"author":[{"embeddable":true,"href":"https:\/\/www.ec-djk-aigen.de\/index.php?rest_route=\/wp\/v2\/users\/2"}],"replies":[{"embeddable":true,"href":"https:\/\/www.ec-djk-aigen.de\/index.php?rest_route=%2Fwp%2Fv2%2Fcomments&post=1771"}],"version-history":[{"count":55,"href":"https:\/\/www.ec-djk-aigen.de\/index.php?rest_route=\/wp\/v2\/posts\/1771\/revisions"}],"predecessor-version":[{"id":1915,"href":"https:\/\/www.ec-djk-aigen.de\/index.php?rest_route=\/wp\/v2\/posts\/1771\/revisions\/1915"}],"wp:attachment":[{"href":"https:\/\/www.ec-djk-aigen.de\/index.php?rest_route=%2Fwp%2Fv2%2Fmedia&parent=1771"}],"wp:term":[{"taxonomy":"category","embeddable":true,"href":"https:\/\/www.ec-djk-aigen.de\/index.php?rest_route=%2Fwp%2Fv2%2Fcategories&post=1771"},{"taxonomy":"post_tag","embeddable":true,"href":"https:\/\/www.ec-djk-aigen.de\/index.php?rest_route=%2Fwp%2Fv2%2Ftags&post=1771"}],"curies":[{"name":"wp","href":"https:\/\/api.w.org\/{rel}","templated":true}]}}