{"id":1704,"date":"2013-02-25T11:42:48","date_gmt":"2013-02-25T10:42:48","guid":{"rendered":"http:\/\/www.ec-djk-aigen.de\/?p=1704"},"modified":"2013-02-26T09:04:08","modified_gmt":"2013-02-26T08:04:08","slug":"1704","status":"publish","type":"post","link":"https:\/\/www.ec-djk-aigen.de\/?p=1704","title":{"rendered":"An alle aktiven und passiven Mitglieder!"},"content":{"rendered":"<h2 style=\"text-align: left;\"><span style=\"color: #0000ff;\">Einladung zur Jahreshauptversammlung<\/span><\/h2>\n<p>&nbsp;<\/p>\n<h4><span style=\"color: #0000ff;\"><strong>Am Freitag, dem 8. M\u00e4rz 2013 um 20.00 Uhr im Stockh\u00e4usl<\/strong><\/span><\/h4>\n<p><span style=\"color: #0000ff;\">\u00a0<\/span><\/p>\n<h4><span style=\"color: #0000ff;\">Tagesordnung:<\/span><\/h4>\n<ol>\n<li>\n<h4><span style=\"color: #0000ff;\">Begr\u00fc\u00dfung<\/span><\/h4>\n<\/li>\n<li>\n<h4><span style=\"color: #0000ff;\">Bericht Vorsitzender, Schriftf\u00fchrer, Jugendbetreuer, Kassier, Kassenpr\u00fcfer<\/span><\/h4>\n<\/li>\n<li>\n<h4><span style=\"color: #0000ff;\">W\u00fcnsche und Antr\u00e4ge<\/span><\/h4>\n<\/li>\n<\/ol>\n<h4><span style=\"color: #0000ff;\">Zahlreiches Erscheinen w\u00fcnscht sich die Vorstandschaft<\/span><\/h4>\n","protected":false},"excerpt":{"rendered":"<p>Einladung zur Jahreshauptversammlung &nbsp; Am Freitag, dem 8. M\u00e4rz 2013 um 20.00 Uhr im Stockh\u00e4usl \u00a0 Tagesordnung: Begr\u00fc\u00dfung Bericht Vorsitzender, Schriftf\u00fchrer, Jugendbetreuer, Kassier, Kassenpr\u00fcfer W\u00fcnsche und Antr\u00e4ge Zahlreiches Erscheinen w\u00fcnscht sich die Vorstandschaft<\/p>\n","protected":false},"author":2,"featured_media":0,"comment_status":"closed","ping_status":"closed","sticky":false,"template":"","format":"standard","meta":{"footnotes":""},"categories":[1],"tags":[],"class_list":["post-1704","post","type-post","status-publish","format-standard","hentry","category-aktuell","uentry","postonpage-1","odd","post-author-heinz"],"_links":{"self":[{"href":"https:\/\/www.ec-djk-aigen.de\/index.php?rest_route=\/wp\/v2\/posts\/1704","targetHints":{"allow":["GET"]}}],"collection":[{"href":"https:\/\/www.ec-djk-aigen.de\/index.php?rest_route=\/wp\/v2\/posts"}],"about":[{"href":"https:\/\/www.ec-djk-aigen.de\/index.php?rest_route=\/wp\/v2\/types\/post"}],"author":[{"embeddable":true,"href":"https:\/\/www.ec-djk-aigen.de\/index.php?rest_route=\/wp\/v2\/users\/2"}],"replies":[{"embeddable":true,"href":"https:\/\/www.ec-djk-aigen.de\/index.php?rest_route=%2Fwp%2Fv2%2Fcomments&post=1704"}],"version-history":[{"count":8,"href":"https:\/\/www.ec-djk-aigen.de\/index.php?rest_route=\/wp\/v2\/posts\/1704\/revisions"}],"predecessor-version":[{"id":1722,"href":"https:\/\/www.ec-djk-aigen.de\/index.php?rest_route=\/wp\/v2\/posts\/1704\/revisions\/1722"}],"wp:attachment":[{"href":"https:\/\/www.ec-djk-aigen.de\/index.php?rest_route=%2Fwp%2Fv2%2Fmedia&parent=1704"}],"wp:term":[{"taxonomy":"category","embeddable":true,"href":"https:\/\/www.ec-djk-aigen.de\/index.php?rest_route=%2Fwp%2Fv2%2Fcategories&post=1704"},{"taxonomy":"post_tag","embeddable":true,"href":"https:\/\/www.ec-djk-aigen.de\/index.php?rest_route=%2Fwp%2Fv2%2Ftags&post=1704"}],"curies":[{"name":"wp","href":"https:\/\/api.w.org\/{rel}","templated":true}]}}